{"id":2652,"date":"2023-03-17T00:00:00","date_gmt":"2023-03-17T00:00:00","guid":{"rendered":"https:\/\/econatur.net\/desarrollo-productos\/la-vina-ecologica-en-el-marco-se-multiplica-por-siete-en-los-ultimos-siete-anos-2\/"},"modified":"2024-12-20T09:10:57","modified_gmt":"2024-12-20T09:10:57","slug":"organic-vineyards-in-the-region-have-increased-sevenfold-in-the-last-seven-years","status":"publish","type":"post","link":"https:\/\/econatur.net\/en\/news\/organic-vineyards-in-the-region-have-increased-sevenfold-in-the-last-seven-years\/","title":{"rendered":"ORGANIC VINEYARDS IN THE REGION HAVE INCREASED SEVENFOLD IN THE LAST SEVEN YEARS"},"content":{"rendered":"\n<p class=\"has-text-align-right\"><strong>Ja\u00e9n, 14 March 2023<\/strong><\/p>\n\n\n\n<p>On 14 April, organised by the <strong>International Institute of Wine and Vine<\/strong>, a conference on Organic Viticulture, its opportunities and agronomic solutions was held at the headquarters of the <strong>Regulatory Council of the Jerez-X\u00eares-Sherry and Manzanilla-Sanl\u00facar de Barrameda DOOs <\/strong>.<br>A large representation of technicians from wineries, cooperatives, winegrowers, as well as representatives from the <strong>UCA and IFAPA<\/strong> were present. <\/p>\n\n\n\n<p>The presentations were given by Ms. Auxiliadora Vecina, Innovation Director of <strong>ECOVALIA<\/strong> and <strong>Mr. Joaqu\u00edn Romero, Head of Scientific Development of <a href=\"https:\/\/econatur.net\/\" data-internallinksmanager029f6b8e52c=\"2\" title=\"Empresa de Biotecnolog\u00eda Vegetal\">ECONATUR<\/a>. <\/strong>ECOVALIA presented the situation of organic viticulture in the different territorial areas, as well as the opportunities for organic viticulture in the Jerez and Sanl\u00facar DOs, highlighting the growth in the last seven years. <\/p>\n\n\n\n<p>ECONATUR explained the development and experimentation work carried out to offer organic viticulture managers biostimulation, nutrition and biocontrol solutions with certified products, as well as the company&#8217;s commitment to sustainability. Finally, a round table discussion was held with technical managers and winegrowers from the region and from other areas, in this case Mr. Francisco Robles, manager of Bodegas Robles of the Montilla-Moriles DO. C\u00e9sar Salda\u00f1a, President of the Regulatory Council of the DO Jerez-X\u00eares-Sherry and Manzanilla de Sanl\u00facar DOs, closed the event, highlighting the important and irreversible evolution of Organic Viticulture, and referring to the singularities of the wine production and ageing systems in our region.<\/p>\n","protected":false},"excerpt":{"rendered":"<p>Ja\u00e9n, 14 March 2023 On 14 April, organised by the International Institute of Wine and Vine, a conference on Organic Viticulture, its opportunities and agronomic solutions was held at the headquarters of the Regulatory Council of the Jerez-X\u00eares-Sherry and Manzanilla-Sanl\u00facar de Barrameda DOOs .A large representation of technicians from wineries, cooperatives, winegrowers, as well as [&hellip;]<\/p>\n","protected":false},"author":2,"featured_media":1933,"comment_status":"open","ping_status":"open","sticky":false,"template":"","format":"standard","meta":{"_acf_changed":false,"inline_featured_image":false,"footnotes":""},"categories":[66,62],"tags":[],"class_list":["post-2652","post","type-post","status-publish","format-standard","has-post-thumbnail","hentry","category-field-trials","category-news"],"acf":[],"yoast_head":"<!-- This site is optimized with the Yoast SEO plugin v27.5 - https:\/\/yoast.com\/product\/yoast-seo-wordpress\/ -->\n<title>ORGANIC VINEYARDS IN THE REGION HAVE INCREASED SEVENFOLD IN THE LAST SEVEN YEARS - Econatur<\/title>\n<meta name=\"description\" content=\"Ja\u00e9n, 14 March 2023 On 14 April, organised by the International Institute of Wine and Vine, a conference on Organic Viticulture, its opportunities and\" \/>\n<meta name=\"robots\" content=\"index, follow, max-snippet:-1, max-image-preview:large, max-video-preview:-1\" \/>\n<link rel=\"canonical\" href=\"https:\/\/econatur.net\/en\/news\/organic-vineyards-in-the-region-have-increased-sevenfold-in-the-last-seven-years\/\" \/>\n<meta property=\"og:locale\" content=\"en_US\" \/>\n<meta property=\"og:type\" content=\"article\" \/>\n<meta property=\"og:title\" content=\"ORGANIC VINEYARDS IN THE REGION HAVE INCREASED SEVENFOLD IN THE LAST SEVEN YEARS - Econatur\" \/>\n<meta property=\"og:description\" content=\"Ja\u00e9n, 14 March 2023 On 14 April, organised by the International Institute of Wine and Vine, a conference on Organic Viticulture, its opportunities and\" \/>\n<meta property=\"og:url\" content=\"https:\/\/econatur.net\/en\/news\/organic-vineyards-in-the-region-have-increased-sevenfold-in-the-last-seven-years\/\" \/>\n<meta property=\"og:site_name\" content=\"Econatur\" \/>\n<meta property=\"article:published_time\" content=\"2023-03-17T00:00:00+00:00\" \/>\n<meta property=\"article:modified_time\" content=\"2024-12-20T09:10:57+00:00\" \/>\n<meta property=\"og:image\" content=\"https:\/\/econatur.net\/wp-content\/uploads\/2024\/12\/WhatsApp-Image-2023-03-15-at-13.58.31-3.jpeg\" \/>\n\t<meta property=\"og:image:width\" content=\"1024\" \/>\n\t<meta property=\"og:image:height\" content=\"768\" \/>\n\t<meta property=\"og:image:type\" content=\"image\/jpeg\" \/>\n<meta name=\"author\" content=\"Juan Mu\u00f1oz\" \/>\n<meta name=\"twitter:card\" content=\"summary_large_image\" \/>\n<meta name=\"twitter:label1\" content=\"Written by\" \/>\n\t<meta name=\"twitter:data1\" content=\"Juan Mu\u00f1oz\" \/>\n\t<meta name=\"twitter:label2\" content=\"Est. reading time\" \/>\n\t<meta name=\"twitter:data2\" content=\"2 minutes\" \/>\n<script type=\"application\/ld+json\" class=\"yoast-schema-graph\">{\"@context\":\"https:\\\/\\\/schema.org\",\"@graph\":[{\"@type\":\"Article\",\"@id\":\"https:\\\/\\\/econatur.net\\\/en\\\/news\\\/organic-vineyards-in-the-region-have-increased-sevenfold-in-the-last-seven-years\\\/#article\",\"isPartOf\":{\"@id\":\"https:\\\/\\\/econatur.net\\\/en\\\/news\\\/organic-vineyards-in-the-region-have-increased-sevenfold-in-the-last-seven-years\\\/\"},\"author\":{\"name\":\"Juan Mu\u00f1oz\",\"@id\":\"https:\\\/\\\/econatur.net\\\/en\\\/#\\\/schema\\\/person\\\/c30b7c51706872e78b96e29b0f12d590\"},\"headline\":\"ORGANIC VINEYARDS IN THE REGION HAVE INCREASED SEVENFOLD IN THE LAST SEVEN YEARS\",\"datePublished\":\"2023-03-17T00:00:00+00:00\",\"dateModified\":\"2024-12-20T09:10:57+00:00\",\"mainEntityOfPage\":{\"@id\":\"https:\\\/\\\/econatur.net\\\/en\\\/news\\\/organic-vineyards-in-the-region-have-increased-sevenfold-in-the-last-seven-years\\\/\"},\"wordCount\":245,\"commentCount\":0,\"image\":{\"@id\":\"https:\\\/\\\/econatur.net\\\/en\\\/news\\\/organic-vineyards-in-the-region-have-increased-sevenfold-in-the-last-seven-years\\\/#primaryimage\"},\"thumbnailUrl\":\"https:\\\/\\\/econatur.net\\\/wp-content\\\/uploads\\\/2024\\\/12\\\/WhatsApp-Image-2023-03-15-at-13.58.31-3.jpeg\",\"articleSection\":[\"Field trials\",\"News\"],\"inLanguage\":\"en-US\",\"potentialAction\":[{\"@type\":\"CommentAction\",\"name\":\"Comment\",\"target\":[\"https:\\\/\\\/econatur.net\\\/en\\\/news\\\/organic-vineyards-in-the-region-have-increased-sevenfold-in-the-last-seven-years\\\/#respond\"]}]},{\"@type\":\"WebPage\",\"@id\":\"https:\\\/\\\/econatur.net\\\/en\\\/news\\\/organic-vineyards-in-the-region-have-increased-sevenfold-in-the-last-seven-years\\\/\",\"url\":\"https:\\\/\\\/econatur.net\\\/en\\\/news\\\/organic-vineyards-in-the-region-have-increased-sevenfold-in-the-last-seven-years\\\/\",\"name\":\"ORGANIC VINEYARDS IN THE REGION HAVE INCREASED SEVENFOLD IN THE LAST SEVEN YEARS - Econatur\",\"isPartOf\":{\"@id\":\"https:\\\/\\\/econatur.net\\\/en\\\/#website\"},\"primaryImageOfPage\":{\"@id\":\"https:\\\/\\\/econatur.net\\\/en\\\/news\\\/organic-vineyards-in-the-region-have-increased-sevenfold-in-the-last-seven-years\\\/#primaryimage\"},\"image\":{\"@id\":\"https:\\\/\\\/econatur.net\\\/en\\\/news\\\/organic-vineyards-in-the-region-have-increased-sevenfold-in-the-last-seven-years\\\/#primaryimage\"},\"thumbnailUrl\":\"https:\\\/\\\/econatur.net\\\/wp-content\\\/uploads\\\/2024\\\/12\\\/WhatsApp-Image-2023-03-15-at-13.58.31-3.jpeg\",\"datePublished\":\"2023-03-17T00:00:00+00:00\",\"dateModified\":\"2024-12-20T09:10:57+00:00\",\"author\":{\"@id\":\"https:\\\/\\\/econatur.net\\\/en\\\/#\\\/schema\\\/person\\\/c30b7c51706872e78b96e29b0f12d590\"},\"description\":\"Ja\u00e9n, 14 March 2023 On 14 April, organised by the International Institute of Wine and Vine, a conference on Organic Viticulture, its opportunities and\",\"breadcrumb\":{\"@id\":\"https:\\\/\\\/econatur.net\\\/en\\\/news\\\/organic-vineyards-in-the-region-have-increased-sevenfold-in-the-last-seven-years\\\/#breadcrumb\"},\"inLanguage\":\"en-US\",\"potentialAction\":[{\"@type\":\"ReadAction\",\"target\":[\"https:\\\/\\\/econatur.net\\\/en\\\/news\\\/organic-vineyards-in-the-region-have-increased-sevenfold-in-the-last-seven-years\\\/\"]}]},{\"@type\":\"ImageObject\",\"inLanguage\":\"en-US\",\"@id\":\"https:\\\/\\\/econatur.net\\\/en\\\/news\\\/organic-vineyards-in-the-region-have-increased-sevenfold-in-the-last-seven-years\\\/#primaryimage\",\"url\":\"https:\\\/\\\/econatur.net\\\/wp-content\\\/uploads\\\/2024\\\/12\\\/WhatsApp-Image-2023-03-15-at-13.58.31-3.jpeg\",\"contentUrl\":\"https:\\\/\\\/econatur.net\\\/wp-content\\\/uploads\\\/2024\\\/12\\\/WhatsApp-Image-2023-03-15-at-13.58.31-3.jpeg\",\"width\":1024,\"height\":768,\"caption\":\"WhatsApp Image 2023 03 15 at 13.58.31 3\"},{\"@type\":\"BreadcrumbList\",\"@id\":\"https:\\\/\\\/econatur.net\\\/en\\\/news\\\/organic-vineyards-in-the-region-have-increased-sevenfold-in-the-last-seven-years\\\/#breadcrumb\",\"itemListElement\":[{\"@type\":\"ListItem\",\"position\":1,\"name\":\"Portada\",\"item\":\"https:\\\/\\\/econatur.net\\\/en\\\/\"},{\"@type\":\"ListItem\",\"position\":2,\"name\":\"News\",\"item\":\"https:\\\/\\\/econatur.net\\\/en\\\/category\\\/news\\\/\"},{\"@type\":\"ListItem\",\"position\":3,\"name\":\"ORGANIC VINEYARDS IN THE REGION HAVE INCREASED SEVENFOLD IN THE LAST SEVEN YEARS\"}]},{\"@type\":\"WebSite\",\"@id\":\"https:\\\/\\\/econatur.net\\\/en\\\/#website\",\"url\":\"https:\\\/\\\/econatur.net\\\/en\\\/\",\"name\":\"Econatur\",\"description\":\"Lo mejor para la agricultura\",\"potentialAction\":[{\"@type\":\"SearchAction\",\"target\":{\"@type\":\"EntryPoint\",\"urlTemplate\":\"https:\\\/\\\/econatur.net\\\/en\\\/?s={search_term_string}\"},\"query-input\":{\"@type\":\"PropertyValueSpecification\",\"valueRequired\":true,\"valueName\":\"search_term_string\"}}],\"inLanguage\":\"en-US\"},{\"@type\":\"Person\",\"@id\":\"https:\\\/\\\/econatur.net\\\/en\\\/#\\\/schema\\\/person\\\/c30b7c51706872e78b96e29b0f12d590\",\"name\":\"Juan Mu\u00f1oz\",\"image\":{\"@type\":\"ImageObject\",\"inLanguage\":\"en-US\",\"@id\":\"https:\\\/\\\/secure.gravatar.com\\\/avatar\\\/ad9ebd7ec9d5e00659c0f9e6914180ec80cf0ddd08b9462d060b9c8f19773d2e?s=96&d=mm&r=g\",\"url\":\"https:\\\/\\\/secure.gravatar.com\\\/avatar\\\/ad9ebd7ec9d5e00659c0f9e6914180ec80cf0ddd08b9462d060b9c8f19773d2e?s=96&d=mm&r=g\",\"contentUrl\":\"https:\\\/\\\/secure.gravatar.com\\\/avatar\\\/ad9ebd7ec9d5e00659c0f9e6914180ec80cf0ddd08b9462d060b9c8f19773d2e?s=96&d=mm&r=g\",\"caption\":\"Juan Mu\u00f1oz\"},\"url\":\"https:\\\/\\\/econatur.net\\\/en\\\/author\\\/webcordoba\\\/\"}]}<\/script>\n<!-- \/ Yoast SEO plugin. -->","yoast_head_json":{"title":"ORGANIC VINEYARDS IN THE REGION HAVE INCREASED SEVENFOLD IN THE LAST SEVEN YEARS - Econatur","description":"Ja\u00e9n, 14 March 2023 On 14 April, organised by the International Institute of Wine and Vine, a conference on Organic Viticulture, its opportunities and","robots":{"index":"index","follow":"follow","max-snippet":"max-snippet:-1","max-image-preview":"max-image-preview:large","max-video-preview":"max-video-preview:-1"},"canonical":"https:\/\/econatur.net\/en\/news\/organic-vineyards-in-the-region-have-increased-sevenfold-in-the-last-seven-years\/","og_locale":"en_US","og_type":"article","og_title":"ORGANIC VINEYARDS IN THE REGION HAVE INCREASED SEVENFOLD IN THE LAST SEVEN YEARS - Econatur","og_description":"Ja\u00e9n, 14 March 2023 On 14 April, organised by the International Institute of Wine and Vine, a conference on Organic Viticulture, its opportunities and","og_url":"https:\/\/econatur.net\/en\/news\/organic-vineyards-in-the-region-have-increased-sevenfold-in-the-last-seven-years\/","og_site_name":"Econatur","article_published_time":"2023-03-17T00:00:00+00:00","article_modified_time":"2024-12-20T09:10:57+00:00","og_image":[{"width":1024,"height":768,"url":"https:\/\/econatur.net\/wp-content\/uploads\/2024\/12\/WhatsApp-Image-2023-03-15-at-13.58.31-3.jpeg","type":"image\/jpeg"}],"author":"Juan Mu\u00f1oz","twitter_card":"summary_large_image","twitter_misc":{"Written by":"Juan Mu\u00f1oz","Est. reading time":"2 minutes"},"schema":{"@context":"https:\/\/schema.org","@graph":[{"@type":"Article","@id":"https:\/\/econatur.net\/en\/news\/organic-vineyards-in-the-region-have-increased-sevenfold-in-the-last-seven-years\/#article","isPartOf":{"@id":"https:\/\/econatur.net\/en\/news\/organic-vineyards-in-the-region-have-increased-sevenfold-in-the-last-seven-years\/"},"author":{"name":"Juan Mu\u00f1oz","@id":"https:\/\/econatur.net\/en\/#\/schema\/person\/c30b7c51706872e78b96e29b0f12d590"},"headline":"ORGANIC VINEYARDS IN THE REGION HAVE INCREASED SEVENFOLD IN THE LAST SEVEN YEARS","datePublished":"2023-03-17T00:00:00+00:00","dateModified":"2024-12-20T09:10:57+00:00","mainEntityOfPage":{"@id":"https:\/\/econatur.net\/en\/news\/organic-vineyards-in-the-region-have-increased-sevenfold-in-the-last-seven-years\/"},"wordCount":245,"commentCount":0,"image":{"@id":"https:\/\/econatur.net\/en\/news\/organic-vineyards-in-the-region-have-increased-sevenfold-in-the-last-seven-years\/#primaryimage"},"thumbnailUrl":"https:\/\/econatur.net\/wp-content\/uploads\/2024\/12\/WhatsApp-Image-2023-03-15-at-13.58.31-3.jpeg","articleSection":["Field trials","News"],"inLanguage":"en-US","potentialAction":[{"@type":"CommentAction","name":"Comment","target":["https:\/\/econatur.net\/en\/news\/organic-vineyards-in-the-region-have-increased-sevenfold-in-the-last-seven-years\/#respond"]}]},{"@type":"WebPage","@id":"https:\/\/econatur.net\/en\/news\/organic-vineyards-in-the-region-have-increased-sevenfold-in-the-last-seven-years\/","url":"https:\/\/econatur.net\/en\/news\/organic-vineyards-in-the-region-have-increased-sevenfold-in-the-last-seven-years\/","name":"ORGANIC VINEYARDS IN THE REGION HAVE INCREASED SEVENFOLD IN THE LAST SEVEN YEARS - Econatur","isPartOf":{"@id":"https:\/\/econatur.net\/en\/#website"},"primaryImageOfPage":{"@id":"https:\/\/econatur.net\/en\/news\/organic-vineyards-in-the-region-have-increased-sevenfold-in-the-last-seven-years\/#primaryimage"},"image":{"@id":"https:\/\/econatur.net\/en\/news\/organic-vineyards-in-the-region-have-increased-sevenfold-in-the-last-seven-years\/#primaryimage"},"thumbnailUrl":"https:\/\/econatur.net\/wp-content\/uploads\/2024\/12\/WhatsApp-Image-2023-03-15-at-13.58.31-3.jpeg","datePublished":"2023-03-17T00:00:00+00:00","dateModified":"2024-12-20T09:10:57+00:00","author":{"@id":"https:\/\/econatur.net\/en\/#\/schema\/person\/c30b7c51706872e78b96e29b0f12d590"},"description":"Ja\u00e9n, 14 March 2023 On 14 April, organised by the International Institute of Wine and Vine, a conference on Organic Viticulture, its opportunities and","breadcrumb":{"@id":"https:\/\/econatur.net\/en\/news\/organic-vineyards-in-the-region-have-increased-sevenfold-in-the-last-seven-years\/#breadcrumb"},"inLanguage":"en-US","potentialAction":[{"@type":"ReadAction","target":["https:\/\/econatur.net\/en\/news\/organic-vineyards-in-the-region-have-increased-sevenfold-in-the-last-seven-years\/"]}]},{"@type":"ImageObject","inLanguage":"en-US","@id":"https:\/\/econatur.net\/en\/news\/organic-vineyards-in-the-region-have-increased-sevenfold-in-the-last-seven-years\/#primaryimage","url":"https:\/\/econatur.net\/wp-content\/uploads\/2024\/12\/WhatsApp-Image-2023-03-15-at-13.58.31-3.jpeg","contentUrl":"https:\/\/econatur.net\/wp-content\/uploads\/2024\/12\/WhatsApp-Image-2023-03-15-at-13.58.31-3.jpeg","width":1024,"height":768,"caption":"WhatsApp Image 2023 03 15 at 13.58.31 3"},{"@type":"BreadcrumbList","@id":"https:\/\/econatur.net\/en\/news\/organic-vineyards-in-the-region-have-increased-sevenfold-in-the-last-seven-years\/#breadcrumb","itemListElement":[{"@type":"ListItem","position":1,"name":"Portada","item":"https:\/\/econatur.net\/en\/"},{"@type":"ListItem","position":2,"name":"News","item":"https:\/\/econatur.net\/en\/category\/news\/"},{"@type":"ListItem","position":3,"name":"ORGANIC VINEYARDS IN THE REGION HAVE INCREASED SEVENFOLD IN THE LAST SEVEN YEARS"}]},{"@type":"WebSite","@id":"https:\/\/econatur.net\/en\/#website","url":"https:\/\/econatur.net\/en\/","name":"Econatur","description":"Lo mejor para la agricultura","potentialAction":[{"@type":"SearchAction","target":{"@type":"EntryPoint","urlTemplate":"https:\/\/econatur.net\/en\/?s={search_term_string}"},"query-input":{"@type":"PropertyValueSpecification","valueRequired":true,"valueName":"search_term_string"}}],"inLanguage":"en-US"},{"@type":"Person","@id":"https:\/\/econatur.net\/en\/#\/schema\/person\/c30b7c51706872e78b96e29b0f12d590","name":"Juan Mu\u00f1oz","image":{"@type":"ImageObject","inLanguage":"en-US","@id":"https:\/\/secure.gravatar.com\/avatar\/ad9ebd7ec9d5e00659c0f9e6914180ec80cf0ddd08b9462d060b9c8f19773d2e?s=96&d=mm&r=g","url":"https:\/\/secure.gravatar.com\/avatar\/ad9ebd7ec9d5e00659c0f9e6914180ec80cf0ddd08b9462d060b9c8f19773d2e?s=96&d=mm&r=g","contentUrl":"https:\/\/secure.gravatar.com\/avatar\/ad9ebd7ec9d5e00659c0f9e6914180ec80cf0ddd08b9462d060b9c8f19773d2e?s=96&d=mm&r=g","caption":"Juan Mu\u00f1oz"},"url":"https:\/\/econatur.net\/en\/author\/webcordoba\/"}]}},"_links":{"self":[{"href":"https:\/\/econatur.net\/en\/wp-json\/wp\/v2\/posts\/2652","targetHints":{"allow":["GET"]}}],"collection":[{"href":"https:\/\/econatur.net\/en\/wp-json\/wp\/v2\/posts"}],"about":[{"href":"https:\/\/econatur.net\/en\/wp-json\/wp\/v2\/types\/post"}],"author":[{"embeddable":true,"href":"https:\/\/econatur.net\/en\/wp-json\/wp\/v2\/users\/2"}],"replies":[{"embeddable":true,"href":"https:\/\/econatur.net\/en\/wp-json\/wp\/v2\/comments?post=2652"}],"version-history":[{"count":1,"href":"https:\/\/econatur.net\/en\/wp-json\/wp\/v2\/posts\/2652\/revisions"}],"predecessor-version":[{"id":2690,"href":"https:\/\/econatur.net\/en\/wp-json\/wp\/v2\/posts\/2652\/revisions\/2690"}],"wp:featuredmedia":[{"embeddable":true,"href":"https:\/\/econatur.net\/en\/wp-json\/wp\/v2\/media\/1933"}],"wp:attachment":[{"href":"https:\/\/econatur.net\/en\/wp-json\/wp\/v2\/media?parent=2652"}],"wp:term":[{"taxonomy":"category","embeddable":true,"href":"https:\/\/econatur.net\/en\/wp-json\/wp\/v2\/categories?post=2652"},{"taxonomy":"post_tag","embeddable":true,"href":"https:\/\/econatur.net\/en\/wp-json\/wp\/v2\/tags?post=2652"}],"curies":[{"name":"wp","href":"https:\/\/api.w.org\/{rel}","templated":true}]}}